{"id":5876,"date":"2023-11-14T18:22:53","date_gmt":"2023-11-14T17:22:53","guid":{"rendered":"https:\/\/aknjige.com\/blog\/?p=5876"},"modified":"2023-11-15T23:26:15","modified_gmt":"2023-11-15T22:26:15","slug":"ratne-beleske-save-drincica","status":"publish","type":"post","link":"https:\/\/aknjige.com\/blog\/ratne-beleske-save-drincica\/2023\/","title":{"rendered":"Ratne bele\u0161ke Save Drin\u010di\u0107a"},"content":{"rendered":"<div class=\"wp-block-image\">\n<figure class=\"alignleft size-full is-resized\"><a href=\"https:\/\/www.antikvarne-knjige.com\/knjige\/detail-item_id-27976\"><img loading=\"lazy\" decoding=\"async\" width=\"350\" height=\"494\" src=\"https:\/\/aknjige.com\/blog\/wp-content\/uploads\/2023\/11\/2023-11-14_184217.jpg\" alt=\"\" class=\"wp-image-5898\" style=\"width:213px;height:auto\" srcset=\"https:\/\/aknjige.com\/blog\/wp-content\/uploads\/2023\/11\/2023-11-14_184217.jpg 350w, https:\/\/aknjige.com\/blog\/wp-content\/uploads\/2023\/11\/2023-11-14_184217-213x300.jpg 213w\" sizes=\"auto, (max-width: 350px) 100vw, 350px\" \/><\/a><\/figure>\n<\/div>\n\n\n<p><strong>Mladen St. \u0110uri\u010di\u0107<\/strong> (Zabla\u0107e kod \u0160apca, 8. mart 1889 &#8211; Beograd, 20. septembar 1987) je bio kapetan re\u010dnog brodarstva, kapetan re\u010dne plovidbe, knji\u017eevnik i publicista. Dela su mu prevo\u0111ena na esperanto, francuski, nema\u010dki, ruski i slova\u010dki. <strong>U\u010desnik je ratova od 1912. do 1919. i nosilac Albanske spomenice<\/strong>. Za knjigu <a href=\"https:\/\/www.antikvarne-knjige.com\/knjige\/detail-item_id-30768\" target=\"_blank\" rel=\"noopener\" title=\"\">&#8220;Deveti val&#8221;<\/a> dobio je nagradu Akademije nauka za 1933. godinu. Pisao je koriste\u0107i razli\u010dite  pseudonime, kao \u0161to su: Mlad-Miltijad, Ognjen Paligori\u0107, Sava Drin\u010di\u0107, Drinosav\u010di\u0107, Drinko Savi\u0107, Stari Brodar. Knji\u017eevni rad <a href=\"https:\/\/www.antikvarne-knjige.com\/knjige\/autor.php?autor_id=3520\" target=\"_blank\" rel=\"noopener\" title=\"\">Mladena St. \u0110uri\u010di\u0107a<\/a> obuhvata preko 70 objavljenih dela, romana, knjiga pripovedaka, pesama, drama i istorijskih eseja, kao i  preko 1.500 priloga u 83 dnevna i periodi\u010dna lista i \u010dasopisa. Bio je istaknuti kapetan re\u010dne plovidbe, pomo\u0107nik komandanta re\u010dnog saobra\u0107aja (1919), \u0161ef kancelarije re\u010dne plovidbe (1926), sekretar Narodne skup\u0161tine (1927), sekretar i bibliotekar Ministarstva prosvete (1929), posle Kolubarske bitke upravni \u010dinovnik na\u010delstva u\u017ei\u010dkog, ratni dopisnik Vardarske a zatim Jugoslovenske divizije i saradnik svih srpskih listova sa Solunskog fronta. <\/p>\n\n\n\n<p><strong>U svom li\u010dnom primerku knjige Stanislava Krakova <a href=\"https:\/\/www.antikvarne-knjige.com\/knjige\/detail-item_id-27976\" target=\"_blank\" rel=\"noopener\" title=\"\">&#8220;Na\u0161e poslednje pobede&#8221;<\/a>, objavljenoj u Beogradu 1928., svojom rukom je na marginama zapisivao bele\u0161ke i komentare o doga\u0111ajima u kojima je i sam u\u010destvovao. Ispod bele\u0161ki potpisivao se, nekada pseudonimom Sava Drin\u010di\u0107, a ponekad i svojim pravim imenom Mladen St. \u0110uri\u010di\u0107.<\/strong> U nastavku teksta, kod svake bele\u0161ke naveden je broj stranice, zatim deo teksta iz knjige na koji se bele\u0161ka odnosi, i na kraju \u0110uri\u010di\u0107eva bele\u0161ka <strong>podebljanim slovima<\/strong>.<\/p>\n\n\n\n<hr class=\"wp-block-separator has-alpha-channel-opacity\"\/>\n\n\n\n<h5 class=\"wp-block-heading has-text-align-center\">Bele\u0161ke Save Drin\u010di\u0107a (Mladena St. \u0110uri\u010di\u0107a)<\/h5>\n\n\n\n<div style=\"height:24px\" aria-hidden=\"true\" class=\"wp-block-spacer\"><\/div>\n\n\n\n<h6 class=\"wp-block-heading\">Str. VII<\/h6>\n\n\n\n<p>U pono\u0107 je zabava bila svr\u0161ena. Muzika je prestala i oti\u0161la. Pra\u0107en grupom svojih doma\u0107ina, major Vasi\u0107 je po\u0161ao natrag svome bataljonu. Na kamenom mostu na Bregalnici, koja je dve vojske delila, major se od bugarskih oficira oprostio. Srda\u010dno su stegli jedan drugima ruke.<\/p>\n\n\n\n<p>Ali jo\u0161 nije major Vasi\u0107 ni nekoliko koraka u\u010dinio, a sa le\u0111a su zapra\u0161tali revolveri. Doma\u0107ini su bili ubice onog \u010diji su topli stisak ruke jo\u0161 ose\u0107ali.<\/p>\n\n\n\n<p><strong>Nikad vi\u0161e Bugarima ne pru\u017eiti ruku.<\/strong><\/p>\n\n\n\n<h6 class=\"wp-block-heading\">Str. IX<\/h6>\n\n\n\n<p>Ali je zato spremana druga stra\u0161nija navala da se zbri\u0161e sa karte zemaljske narod koga je Viljem Drugi, po njegovim re\u010dima voleo da ima za saveznika, a koga je hteo da uni\u0161ti kao protivnika. <\/p>\n\n\n\n<p>Tada je do\u0161la Makenzenova ofanziva. Najbolje divizije Nema\u010dke i Austro-Ugarske, merzeri od 305 mm&#8230;<\/p>\n\n\n\n<p><strong>i 42 cm. Li\u010dno meni kazivao je Mar\u0161al Mekenzen 9. IX 1919. kad je bio pod mojom za\u0161titom. 3. IX. 73.<\/strong><\/p>\n\n\n\n<h6 class=\"wp-block-heading\">Str. XI<\/h6>\n\n\n\n<p>I kad su posle krvavih, a ne Crnih \u010cuka i Gruni\u0161ta, gde je pao i vojvoda Vuk, oli\u010denje \u010detni\u010dkog juna\u0161tva, na\u0161i pukovi spali na po nekoliko stotina boraca, kada vi\u0161e nije bilo bajoneta koji se u korice mogao staviti, onda je otpo\u010deo dvogodi\u0161nji rat po rovovima koji je \u0161tedeo ljudske \u017eivote, ali te\u0161ko ku\u0161ao nerve i ljudsku izdr\u017eljivost.<\/p>\n\n\n\n<p><strong>Sjajno Krakove!<\/strong><\/p>\n\n\n\n<p>Kada je 14. septembra 1918. zagrmelo oko 600 na\u0161ih topova i upravilo vatru na Dobro Polje i Soko, niko sem nas samih, pa mo\u017eda ni mi, nije mogao da sluti zna\u010daj bitke koja se otpo\u010dela.<\/p>\n\n\n\n<p><strong>ta\u010dno 588, tvrdi u\u010desnik Sava Drin\u010di\u0107.<\/strong><\/p>\n\n\n\n<h6 class=\"wp-block-heading\">Str. 7<\/h6>\n\n\n\n<p>Brzo su po\u010deli graditi puteve, no\u0107u su prevla\u010deni te\u0161ki topovi, dono\u0161eni su bregovi municije. Cela polja oko Crne Reke bila su pokrivena naslaganim granatama i bombama. Naro\u010dito su nas interesovala te\u0161ka zrna, zeleno obojena, u kojima su bili skriveni zagu\u0161ljivi gasovi.<\/p>\n\n\n\n<p><strong>Ja ovo, dosad, nikad nisam saznao iako sam bio tu i pozvan, jer se krilo i od nas. 3. IX 73. <\/strong><\/p>\n\n\n\n<h6 class=\"wp-block-heading\">Str. 14<\/h6>\n\n\n\n<p>Komentar na kraju poglavlja &#8220;Juri\u0161 na Trnavsku Kosu pod Sokolom&#8221;<\/p>\n\n\n\n<p><strong>Jezovit i ta\u010dan opis, jedan od najboljih u velikoj Dobropoljskoj bici &#8211; u samom proboju.<br>Posle 55 godina, 3. IX 1973.  Beograd, Sava Drin\u010di\u0107<\/strong><\/p>\n\n\n\n<h6 class=\"wp-block-heading\">Str. 19<\/h6>\n\n\n\n<p>Komentar na kraju poglavlja &#8220;Zarobljavanje bugarskog juri\u0161nog bataljona na Grade\u0161nici&#8221;<\/p>\n\n\n\n<p><strong>Vrlo uzbudljivo. Bravo Krakove! Posle pedeset godina &#8211; sau\u010desnik, ratni dopisnik jugoslovenske divizije koja je probijala Dobro Polje: Kotku i Govedarnik. Jo\u0161 u levo, poko\u0161enom \u0161umom Kravice strahovito su poko\u0161eni francuski kolonijalci (17. kolonijalna divizija). Vidi moj dopis &#8220;Dobropoljska bitka&#8221;, jedini koji je oti\u0161ao odatle posle 20 \u010das, dok je jo\u0161 bijena bitka, koju sam, celu pratio, na Kozjaku. Stra\u0161nija i od proboja na Dobrom Polju: sva u klju\u010danju vatre i bombi kojom su rovovi potpuno zaravnjeni. <br>Sava Drin\u010di\u0107 (M. St. \u0110uri\u010di\u0107)<\/strong><\/p>\n\n\n\n<figure class=\"wp-block-image size-full\"><img loading=\"lazy\" decoding=\"async\" width=\"1014\" height=\"418\" src=\"https:\/\/aknjige.com\/blog\/wp-content\/uploads\/2023\/11\/dobropoljska-bitka.jpg\" alt=\"\" class=\"wp-image-5882\" srcset=\"https:\/\/aknjige.com\/blog\/wp-content\/uploads\/2023\/11\/dobropoljska-bitka.jpg 1014w, https:\/\/aknjige.com\/blog\/wp-content\/uploads\/2023\/11\/dobropoljska-bitka-300x124.jpg 300w, https:\/\/aknjige.com\/blog\/wp-content\/uploads\/2023\/11\/dobropoljska-bitka-768x317.jpg 768w\" sizes=\"auto, (max-width: 1014px) 100vw, 1014px\" \/><figcaption class=\"wp-element-caption\"><em>Karta ratnog podru\u010dja koje pominju Krakov i \u0110uri\u010di\u0107: Dobro polje, Kotka, Govedarnik<\/em><\/figcaption><\/figure>\n\n\n\n<h6 class=\"wp-block-heading\">Str. 45<\/h6>\n\n\n\n<p>Komentar na kraju poglavlja &#8220;Predaja 30.000 bugarskih vojnika kod Nagori\u010dina&#8221;<\/p>\n\n\n\n<p><strong>Ovo sam gledao i sam, ali, katkad, s druge strane, sa stare trome\u0111e. 5. IX 73. Sava Drin\u010di\u0107<br>Ponovo \u010ditao 17-18. VII 78. Beograd, sad kao M. \u0110uri\u010di\u0107<\/strong><\/p>\n\n\n\n<h6 class=\"wp-block-heading\">Str. 48<\/h6>\n\n\n\n<p>Bunar je bio pun le\u0161eva jer su oni tamo ve\u0107 davno bili istrunuli, ali se na svetlosti elektri\u010dne lampe, kojom sam ga osvetlio, zabelele se ljudske kosti i lobanje, koje su ispunile sve, tako da se voda nije ni videla.<\/p>\n\n\n\n<p>U \u010ditavoj Toplici svi su bunari bili op\u0161te grobnice. Te no\u0107i nije se moglo spavati ni pored umora. Sede\u0107i kraj vatre, seljak kraj vatre, seljak sa o\u017eiljcima na licu, pri\u010dao je svoja jezovita se\u0107anja, se\u0107anja od kojih su mu o\u010di odjednom po\u010dele da dobijaju sjaj luda\u010dki. Dolazili su boja\u017eljivo i drugi seljaci i \u0107ute\u0107i slu\u0161ali. Svaki je nosio na sebi tragove bugarske i raskop\u010davaju\u0107i ko\u0161ulje pokazivali su stra\u0161ne dokaze. Potom su i oni po\u010deli da pri\u010daju.<\/p>\n\n\n\n<p><strong>Ove grozote Bugara ne smeju se zaboraviti!<\/strong><\/p>\n\n\n\n<h6 class=\"wp-block-heading\">Str. 61<\/h6>\n\n\n\n<p>Komentar na kraju poglavlja &#8220;Prelazak preko Save&#8221;<\/p>\n\n\n\n<p><strong>Prekrasan opis, i jedan od najboljih iz tog vremena. 6. IX 73. Beograd i 18. VII 78. M. St. \u0110uri\u010di\u0107.<\/strong><\/p>\n\n\n\n<h6 class=\"wp-block-heading\">Str. 68<\/h6>\n\n\n\n<p><strong>Pro domo:<br>Ne stidim se re\u0107i: Sa Rajsovim i mojim povezanim napisima, u ovo vreme ponovo, za desetogodi\u0161njicu objavljenim (ranije u Epohi i Politici i dr. sada u Pravdi) sa ilustracijama Ratni\u010dki glasnik i mnogim drugim, ovi zakasneli ali dobro izra\u0111eni napisi Stanislava Krakova najbolje su i najpotpunije slike veli\u010danstvene Srpske Solunske vojske i oslobo\u0111enja i ujedinjenja Prve Jugoslavije.<\/strong><\/p>\n\n\n\n<p><strong>7. septembar 1973. Beograd. Ratni dopisnik Jugoslovenski Sava Drin\u010di\u0107 (M. St. \u0110uri\u010di\u0107)<\/strong><\/p>\n\n\n\n<div style=\"height:17px\" aria-hidden=\"true\" class=\"wp-block-spacer\"><\/div>\n\n\n\n<figure class=\"wp-block-image size-full\"><img loading=\"lazy\" decoding=\"async\" width=\"847\" height=\"702\" src=\"https:\/\/aknjige.com\/blog\/wp-content\/uploads\/2023\/11\/2023-11-13-19.35.34.jpg\" alt=\"\" class=\"wp-image-5901\" srcset=\"https:\/\/aknjige.com\/blog\/wp-content\/uploads\/2023\/11\/2023-11-13-19.35.34.jpg 847w, https:\/\/aknjige.com\/blog\/wp-content\/uploads\/2023\/11\/2023-11-13-19.35.34-300x249.jpg 300w, https:\/\/aknjige.com\/blog\/wp-content\/uploads\/2023\/11\/2023-11-13-19.35.34-768x637.jpg 768w\" sizes=\"auto, (max-width: 847px) 100vw, 847px\" \/><\/figure>\n\n\n\n<div style=\"height:39px\" aria-hidden=\"true\" class=\"wp-block-spacer\"><\/div>\n","protected":false},"excerpt":{"rendered":"<p>U svom li\u010dnom primerku knjige Stanislava Krakova &#8220;Na\u0161e poslednje pobede&#8221;, objavljenoj u Beogradu 1928., svojom rukom je na marginama zapisivao bele\u0161ke i komentare o doga\u0111ajima u kojima je i sam u\u010destvovao. Ispod bele\u0161ki potpisivao se, nekada pseudonimom Sava Drin\u010di\u0107, a ponekad i svojim pravim imenom Mladen St. \u0110uri\u010di\u0107. U nastavku teksta, kod svake bele\u0161ke nave&#8230;<\/p>\n","protected":false},"author":1,"featured_media":5894,"comment_status":"open","ping_status":"open","sticky":false,"template":"","format":"standard","meta":{"footnotes":""},"categories":[7],"tags":[905,904,24,903,628,102],"class_list":["post-5876","post","type-post","status-publish","format-standard","has-post-thumbnail","hentry","category-istorija","tag-dobropoljska-bitka","tag-mladen-st-duricic","tag-prvi-svetski-rat","tag-sava-drincic","tag-stanislav-krakov","tag-stare-knjige"],"aioseo_notices":[],"_links":{"self":[{"href":"https:\/\/aknjige.com\/blog\/wp-json\/wp\/v2\/posts\/5876","targetHints":{"allow":["GET"]}}],"collection":[{"href":"https:\/\/aknjige.com\/blog\/wp-json\/wp\/v2\/posts"}],"about":[{"href":"https:\/\/aknjige.com\/blog\/wp-json\/wp\/v2\/types\/post"}],"author":[{"embeddable":true,"href":"https:\/\/aknjige.com\/blog\/wp-json\/wp\/v2\/users\/1"}],"replies":[{"embeddable":true,"href":"https:\/\/aknjige.com\/blog\/wp-json\/wp\/v2\/comments?post=5876"}],"version-history":[{"count":30,"href":"https:\/\/aknjige.com\/blog\/wp-json\/wp\/v2\/posts\/5876\/revisions"}],"predecessor-version":[{"id":5922,"href":"https:\/\/aknjige.com\/blog\/wp-json\/wp\/v2\/posts\/5876\/revisions\/5922"}],"wp:featuredmedia":[{"embeddable":true,"href":"https:\/\/aknjige.com\/blog\/wp-json\/wp\/v2\/media\/5894"}],"wp:attachment":[{"href":"https:\/\/aknjige.com\/blog\/wp-json\/wp\/v2\/media?parent=5876"}],"wp:term":[{"taxonomy":"category","embeddable":true,"href":"https:\/\/aknjige.com\/blog\/wp-json\/wp\/v2\/categories?post=5876"},{"taxonomy":"post_tag","embeddable":true,"href":"https:\/\/aknjige.com\/blog\/wp-json\/wp\/v2\/tags?post=5876"}],"curies":[{"name":"wp","href":"https:\/\/api.w.org\/{rel}","templated":true}]}}